[{"@context":"https:\/\/schema.org\/","@type":"Article","@id":"https:\/\/www.dudel.cz\/vlastni-prodejna\/#Article","mainEntityOfPage":"https:\/\/www.dudel.cz\/vlastni-prodejna\/","headline":"Vlastn\u00ed prodejna","name":"Vlastn\u00ed prodejna","description":"V\u017edycky jsem cht\u011bla vlastnit n\u011bjak\u00fd obchod, kde bych mohla b\u00fdt sv\u00fdm p\u00e1nem. U\u017e jako mal\u00e9 d\u00edt\u011b jsem moc r\u00e1da prod\u00e1vala &hellip; ","datePublished":"2022-08-21","dateModified":"2023-06-15","author":{"@type":"Person","@id":"https:\/\/www.dudel.cz\/author\/#Person","name":"","url":"https:\/\/www.dudel.cz\/author\/","identifier":1,"image":{"@type":"ImageObject","@id":"https:\/\/secure.gravatar.com\/avatar\/774cfd57496a9f02284489749b4229073861faca9d8a66df7d65507a77c5d31f?s=96&d=mm&r=g","url":"https:\/\/secure.gravatar.com\/avatar\/774cfd57496a9f02284489749b4229073861faca9d8a66df7d65507a77c5d31f?s=96&d=mm&r=g","height":96,"width":96}},"publisher":{"@type":"Organization","name":"dudel.cz","logo":{"@type":"ImageObject","@id":"\/logo.png","url":"\/logo.png","width":600,"height":60}},"image":{"@type":"ImageObject","@id":"https:\/\/www.dudel.cz\/wp-content\/uploads\/belt-4623338_960_720.jpg","url":"https:\/\/www.dudel.cz\/wp-content\/uploads\/belt-4623338_960_720.jpg","height":0,"width":0},"url":"https:\/\/www.dudel.cz\/vlastni-prodejna\/","about":["N\u00e1kupy"],"wordCount":404,"articleBody":"        V\u017edycky jsem cht\u011bla vlastnit n\u011bjak\u00fd obchod, kde bych mohla b\u00fdt sv\u00fdm p\u00e1nem. U\u017e jako mal\u00e9 d\u00edt\u011b jsem moc r\u00e1da prod\u00e1vala n\u011bkter\u00e9 v\u011bci. A sice ne za prav\u00e9 pen\u00edze, ale se sourozenci jsme si velmi \u010dasto hr\u00e1li, \u017ee m\u00e1me obchod a \u017ee si chod\u00edme k sob\u011b navz\u00e1jem nakupovat. Hodn\u011b n\u00e1s to bavilo a m\u011b to z\u016fstalo asi a\u017e do dosp\u011blosti. Proto\u017ee kdy\u017e to tak vezmu zp\u011btn\u011b, taky na z\u00e1kladn\u00ed \u0161kole jsem si \u0159\u00edkala, \u017ee v budoucnu budu cht\u00edt prod\u00e1vat ve Zverimexu, kde prod\u00e1vaj\u00ed pot\u0159eby pro zv\u00ed\u0159ata. M\u00e1m toti\u017e r\u00e1da zv\u00ed\u0159ata a kdybych to spojila s prodejem, tak by m\u011b to hodn\u011b bavilo. Jenom\u017ee postupem \u010dasu m\u011b tento n\u00e1pad p\u0159i\u0161el. A pozd\u011bji, kdy\u017e jsem dosp\u00edvala, tak jsem se velmi zaj\u00edmala o m\u00f3du a cht\u011bla jsem v budoucnu prod\u00e1vat ve vlastn\u00edm butiku boty a kabelky. Tak jsem si taky \u0159ekla, \u017ee by bylo prima, kdybych t\u0159eba m\u011bla vlastn\u00ed galanterii. Kvalitn\u00ed galanterie by m\u011b taky bavila, proto\u017ee moje babi\u010dka velmi \u010dasto r\u00e1da chodila do galanterie, kde si kupovala rukavi\u010dky anebo r\u016fzn\u00e9 kabelky. Proto\u017ee babi\u010dka sb\u00edrala mal\u00e9 kabelky a m\u011bla jich hodn\u011b, \u017ee to n\u011bkdy bylo i zbyte\u010dn\u00e9.Ani ty kabelky nest\u00edhala nosit. Ale asi je kupovala kv\u016fli tomu, \u017ee j\u00ed to d\u011blalo radost, tak jsme j\u00ed nic ne\u0159\u00edkali. A pak jsem si zjistila, jak\u00e9 je vybaven\u00ed prodejen do galanterie. A je toho docela dost. Musela bych m\u00edt vlastn\u00ed sk\u0159\u00edn\u011b a taky police a taky sklen\u011bn\u00e9 police. Vybaven\u00ed prodejen do galanteri\u00ed se mi taky l\u00edb\u00ed v tom, \u017ee nen\u00ed tak moc drah\u00e9 a \u017ee vlastn\u011b kdy\u017e to koup\u00edm, tak se mi to potom vr\u00e1t\u00ed, kdy\u017e budu prod\u00e1vat n\u011bkter\u00e9 zbo\u017e\u00ed. V\u00edte, moc bych si p\u0159\u00e1la, aby se mi moje sny splnily. Kolikr\u00e1t jsem si toti\u017e n\u011bco p\u0159\u00e1la a nikdy se mi to nesplnilo. Nejsem na to zvykl\u00e1, proto\u017ee u n\u00e1s v rodin\u011b m\u00e1 mnoho lid\u00ed vlastn\u00ed obchod a tou\u017e\u00edm po sv\u00e9m obchod\u011b taky. Uvid\u00edm, jak to dopadne v budoucnu. T\u0159eba nakonec v\u0161echno dopadne jinak a vybaven\u00ed prodejen do galanterie nebudu pot\u0159ebovat.                                                                                                                                                                                                                                                                                                                                                                                                  "},{"@context":"https:\/\/schema.org\/","@type":"BreadcrumbList","itemListElement":[{"@type":"ListItem","position":1,"name":"Vlastn\u00ed prodejna","item":"https:\/\/www.dudel.cz\/vlastni-prodejna\/#breadcrumbitem"}]}]