[{"@context":"https:\/\/schema.org\/","@type":"Article","@id":"https:\/\/www.dudel.cz\/skvela-firma-na-prodej\/#Article","mainEntityOfPage":"https:\/\/www.dudel.cz\/skvela-firma-na-prodej\/","headline":"Skv\u011bl\u00e1 firma na prodej","name":"Skv\u011bl\u00e1 firma na prodej","description":"Zkou\u0161eli jste n\u011bkdy prodat celou firmu? J\u00e1 ne a p\u0159edpokl\u00e1d\u00e1m, \u017ee to mus\u00ed b\u00fdt opravdu velmi obt\u00ed\u017en\u00e9, \u017ee tohle m\u016f\u017ee &hellip; ","datePublished":"2022-08-16","dateModified":"2023-06-15","author":{"@type":"Person","@id":"https:\/\/www.dudel.cz\/author\/#Person","name":"","url":"https:\/\/www.dudel.cz\/author\/","identifier":1,"image":{"@type":"ImageObject","@id":"https:\/\/secure.gravatar.com\/avatar\/774cfd57496a9f02284489749b4229073861faca9d8a66df7d65507a77c5d31f?s=96&d=mm&r=g","url":"https:\/\/secure.gravatar.com\/avatar\/774cfd57496a9f02284489749b4229073861faca9d8a66df7d65507a77c5d31f?s=96&d=mm&r=g","height":96,"width":96}},"publisher":{"@type":"Organization","name":"dudel.cz","logo":{"@type":"ImageObject","@id":"\/logo.png","url":"\/logo.png","width":600,"height":60}},"image":{"@type":"ImageObject","@id":"https:\/\/www.dudel.cz\/wp-content\/uploads\/business-7304257_960_720_1.jpg","url":"https:\/\/www.dudel.cz\/wp-content\/uploads\/business-7304257_960_720_1.jpg","height":0,"width":0},"url":"https:\/\/www.dudel.cz\/skvela-firma-na-prodej\/","about":["Business"],"wordCount":407,"articleBody":"        Zkou\u0161eli jste n\u011bkdy prodat celou firmu? J\u00e1 ne a p\u0159edpokl\u00e1d\u00e1m, \u017ee to mus\u00ed b\u00fdt opravdu velmi obt\u00ed\u017en\u00e9, \u017ee tohle m\u016f\u017ee d\u011blat pouze n\u011bjak\u00fd profesion\u00e1l, kter\u00fd se v tom vyzn\u00e1. Proto\u017ee si vzpom\u00edn\u00e1m, jak m\u016fj soused jednou cht\u011bl prod\u00e1vat svou firmu, kter\u00e1 mu p\u0159estala vyn\u00e1\u0161et. Mysl\u00edm si, \u017ee tam asi byl jin\u00fd probl\u00e9m, proto\u017ee s jeho man\u017eelkou se pr\u00e1v\u011b rozv\u00e1d\u011bli a mysl\u00edm si, \u017ee ta firma v tom opravdu hr\u00e1la velkou roli. Pamatuji si taky, jak si soused \u010dasto st\u011b\u017eoval na svou man\u017eelku, \u017ee po\u0159\u00e1d n\u011bkde jenom utr\u00e1c\u00ed. Man\u017eelka si zase st\u011b\u017eovala na souseda, \u017ee je st\u00e1le jenom v pr\u00e1ci a \u017ee na ostatn\u00ed kolem ka\u0161le. Nev\u00edm, kde je pravda, ale v\u011b\u0159\u00edm, \u017ee to asi dopadlo \u0161patn\u011b. Ale podrobnosti nezn\u00e1m, tak\u017ee se do toho motat rad\u011bji nebudu.A pokud v\u00edm, tak soused za\u010dal prod\u00e1vat firmu. Stejn\u011b u\u017e na tom byl \u0161patn\u011b, tak si p\u0159edpokl\u00e1d\u00e1m, \u017ee prodej firmy byl asi jeden jedin\u00fd krok, jak ze v\u0161eho ven. Pozd\u011bji se uk\u00e1zalo, \u017ee je soused opravdu zadlu\u017een\u00fd, a to m\u011b docela \u0161okovalo. Tak\u017ee by asi jejich rozvod st\u00e1l za to, \u017ee jsou zadlu\u017een\u00ed? To nev\u00edm, ale je mi to \u00fapln\u011b jedno. Proto\u017ee firmy na prodej v Ostrav\u011b jsou velmi \u010dasto velk\u00fdm probl\u00e9mem. Nev\u00edm pro\u010d si n\u011bkdo zakl\u00e1d\u00e1 firmu, kdy\u017e j\u00ed potom prod\u00e1v\u00e1.A sice ch\u00e1pu, \u017ee firmy na prodej v Ostrav\u011b nejsou opravdu ka\u017ed\u00fd den, ale ob\u010das se stane, \u017ee n\u011bjak\u00e1 firma v Ostrav\u011b je na prodej. A opravdu n\u011bkdy z nezn\u00e1m\u00fdch d\u016fvod\u016f. T\u0159eba se n\u011bkdo rozhodne, svou podnikatelskou \u010dinnost ukon\u010dit. Tak je potom logick\u00e9, \u017ee firmu nab\u00eddne k prodeji. Ale zjistila jsem, \u017ee posledn\u00ed dobou jsou firmy na prodej v Ostrav\u011b opravdu \u010dast\u00e9. Mysl\u00edm si, \u017ee za to m\u016f\u017ee taky dne\u0161n\u00ed ekonomick\u00e1 situace, ceny plynu a ostatn\u00ed energie. Jsem zv\u011bdav\u00e1, jak v\u0161echno tohle povede d\u00e1l. Proto\u017ee j\u00e1 sama se v tom nevyzn\u00e1m, ale v\u011b\u0159\u00edm, \u017ee mnoho firem na tomhle zkrachuje. A to je podle m\u011b velk\u00e1 \u0161koda. Firmy se maj\u00ed rozv\u00edjet a ne krachovat.                                                                                                                                                                                                                                                                                                                                                                                                  "},{"@context":"https:\/\/schema.org\/","@type":"BreadcrumbList","itemListElement":[{"@type":"ListItem","position":1,"name":"Skv\u011bl\u00e1 firma na prodej","item":"https:\/\/www.dudel.cz\/skvela-firma-na-prodej\/#breadcrumbitem"}]}]