[{"@context":"https:\/\/schema.org\/","@type":"Article","@id":"https:\/\/www.dudel.cz\/pro-krasnou-plet\/#Article","mainEntityOfPage":"https:\/\/www.dudel.cz\/pro-krasnou-plet\/","headline":"Pro kr\u00e1snou ple\u0165","name":"Pro kr\u00e1snou ple\u0165","description":"Mil\u00e9 d\u00e1my jist\u011b cht\u011bj\u00ed vypadat st\u00e1le kr\u00e1sn\u011b a ml\u00e1d\u011b. Proto\u017ee opravdu nezn\u00e1m \u017e\u00e1dnou \u017eenu, kter\u00e9 by bylo jedno, jak vypad\u00e1. &hellip; ","datePublished":"2022-09-06","dateModified":"2023-06-15","author":{"@type":"Person","@id":"https:\/\/www.dudel.cz\/author\/#Person","name":"","url":"https:\/\/www.dudel.cz\/author\/","identifier":1,"image":{"@type":"ImageObject","@id":"https:\/\/secure.gravatar.com\/avatar\/774cfd57496a9f02284489749b4229073861faca9d8a66df7d65507a77c5d31f?s=96&d=mm&r=g","url":"https:\/\/secure.gravatar.com\/avatar\/774cfd57496a9f02284489749b4229073861faca9d8a66df7d65507a77c5d31f?s=96&d=mm&r=g","height":96,"width":96}},"publisher":{"@type":"Organization","name":"dudel.cz","logo":{"@type":"ImageObject","@id":"\/logo.png","url":"\/logo.png","width":600,"height":60}},"image":{"@type":"ImageObject","@id":"https:\/\/www.dudel.cz\/wp-content\/uploads\/portrait-4597853_960_720_1.jpg","url":"https:\/\/www.dudel.cz\/wp-content\/uploads\/portrait-4597853_960_720_1.jpg","height":0,"width":0},"url":"https:\/\/www.dudel.cz\/pro-krasnou-plet\/","about":["N\u00e1kupy"],"wordCount":427,"articleBody":"        Mil\u00e9 d\u00e1my jist\u011b cht\u011bj\u00ed vypadat st\u00e1le kr\u00e1sn\u011b a ml\u00e1d\u011b. Proto\u017ee opravdu nezn\u00e1m \u017e\u00e1dnou \u017eenu, kter\u00e9 by bylo jedno, jak vypad\u00e1. A uznejme si to a p\u0159iznejme si, \u017ee chceme b\u00fdt st\u00e1le mlad\u00e9 a m\u00edt hladkou a \u010distou ple\u0165. Jenom\u017ee je logick\u00e9, \u017ee nikdo \u010dasu neporu\u010d\u00ed a \u010das nikdo nezastav\u00ed. A tak postupem \u010dasu jde na n\u00e1s vid\u011bt st\u00e1\u0159\u00ed anebo n\u00e1\u0161 v\u011bk. Taky samoz\u0159ejm\u011b z\u00e1le\u017e\u00ed ale na tom, jak\u00fd \u017eivot \u017eijeme. Pokud \u017eijeme cel\u00fd \u017eivot ve stresu a j\u00edme nezdrav\u00e1 j\u00eddla, pijeme dost alkohol nebo hodn\u011b kou\u0159\u00edme cigarety, tak taky na\u0161e ple\u0165 a celkov\u011b na\u0161e cel\u00e9 zdrav\u00ed m\u016f\u017ee vypadat hrozn\u011b. A co k\u016f\u017ee! Ta taky trp\u00ed. A m\u016f\u017eeme vypadat t\u0159eba o patn\u00e1ct nebo o dvacet let star\u0161\u00ed, ne\u017e kolik n\u00e1m je. A tohle samoz\u0159ejm\u011b v\u016fbec nikdo nechce, \u017ee ano. A j\u00e1 jsem proto rad\u0161i p\u0159estala kou\u0159it. A zd\u00e1lo se mi, \u017ee m\u00e1 ple\u0165 t\u00edm hodn\u011b trp\u00ed. A to nemluv\u00edm celkov\u011b o zdrav\u00ed.A za\u010dala jsem proto br\u00e1t taky \u010dist\u00fd kolagen. Zd\u00e1 se mi, \u017ee po p\u016fl roce, co u\u017e\u00edv\u00e1m v tabletk\u00e1ch \u010dist\u00fd kolagen, se mi zlep\u0161ila ple\u0165 o sto procent. A m\u00e1m j\u00ed takovou hlad\u0161\u00ed, vypnut\u011bj\u0161\u00ed a nen\u00ed tak za\u0161edl\u00e1, jako t\u0159eba p\u0159ed p\u016fl rokem anebo minul\u00fd rok. Taky jsem r\u00e1da, \u017ee jsem objevila kone\u010dn\u011b n\u011bco, co je skv\u011bl\u00e9 https:\/\/www.slevomat.cz\/praha\/krasa-zdravi-a-relaxace\/pece-o-plet-a-oblicej  pro mou ple\u0165. Jsem si jist\u00e1, \u017ee \u010dist\u00fd kolagen by pomohl opravdu mnoha \u017een\u00e1m.A mysl\u00edm si, \u017ee samoz\u0159ejm\u011b tohle m\u016f\u017eou u\u017e\u00edvat i mu\u017ei, proto\u017ee jsou i mu\u017ei, kte\u0159\u00ed se cht\u011bj\u00ed hodn\u011b l\u00edbit. Nav\u00edc \u010dist\u00fd kolagen taky p\u0159isp\u00edv\u00e1 celkov\u011b zdrav\u00ed, tak\u017ee se nemus\u00edte b\u00e1t, \u017ee \u010dist\u00fd kolagen m\u00e1 \u00fa\u010dinek pouze na ple\u0165. A pokud st\u00e1le v\u00e1h\u00e1te, jestli m\u00e1te br\u00e1t kolagen, tak v\u00e1m je\u0161t\u011b napov\u00edm, \u017ee kolagen je jedna z nejlep\u0161\u00edch variant potravinov\u00fdch dopl\u0148k\u016f, kter\u00e9 m\u016f\u017eete br\u00e1t. J\u00e1 ho beru u\u017e i preventivn\u011b a jsme opravdu moc nad\u0161en\u00e1 a jist\u011b s t\u00edm nehodl\u00e1m p\u0159estat. \u010cist\u00fd kolagen bere i moje maminka a babi\u010dka, a hlavn\u011b tedy babi\u010dka si chv\u00e1l\u00ed, jak m\u00e1 klouby v lep\u0161\u00edm stavu. Tak\u017ee si mysl\u00edm, \u017ee kolagen j\u00ed pomohl.                                                                                                                                                                                                                                                                                                                                                                                                  "},{"@context":"https:\/\/schema.org\/","@type":"BreadcrumbList","itemListElement":[{"@type":"ListItem","position":1,"name":"Pro kr\u00e1snou ple\u0165","item":"https:\/\/www.dudel.cz\/pro-krasnou-plet\/#breadcrumbitem"}]}]