[{"@context":"https:\/\/schema.org\/","@type":"Article","@id":"https:\/\/www.dudel.cz\/podzimni-a-vanocni-dekorace\/#Article","mainEntityOfPage":"https:\/\/www.dudel.cz\/podzimni-a-vanocni-dekorace\/","headline":"Podzimn\u00ed a v\u00e1no\u010dn\u00ed dekorace","name":"Podzimn\u00ed a v\u00e1no\u010dn\u00ed dekorace","description":"Za\u010dal nov\u00fd \u0161koln\u00ed rok a to znamen\u00e1, \u017ee ten kalend\u00e1\u0159n\u00ed bude sp\u011bt ke sv\u00e9mu konci. Nast\u00e1v\u00e1 podzim a v\u0161echny rohy &hellip; ","datePublished":"2022-09-29","dateModified":"2023-06-15","author":{"@type":"Person","@id":"https:\/\/www.dudel.cz\/author\/#Person","name":"","url":"https:\/\/www.dudel.cz\/author\/","identifier":1,"image":{"@type":"ImageObject","@id":"https:\/\/secure.gravatar.com\/avatar\/774cfd57496a9f02284489749b4229073861faca9d8a66df7d65507a77c5d31f?s=96&d=mm&r=g","url":"https:\/\/secure.gravatar.com\/avatar\/774cfd57496a9f02284489749b4229073861faca9d8a66df7d65507a77c5d31f?s=96&d=mm&r=g","height":96,"width":96}},"publisher":{"@type":"Organization","name":"dudel.cz","logo":{"@type":"ImageObject","@id":"\/logo.png","url":"\/logo.png","width":600,"height":60}},"image":{"@type":"ImageObject","@id":"https:\/\/www.dudel.cz\/wp-content\/uploads\/mechove%20koule.jpg","url":"https:\/\/www.dudel.cz\/wp-content\/uploads\/mechove%20koule.jpg","height":0,"width":0},"url":"https:\/\/www.dudel.cz\/podzimni-a-vanocni-dekorace\/","about":["N\u00e1kupy"],"wordCount":422,"articleBody":"        Za\u010dal nov\u00fd \u0161koln\u00ed rok a to znamen\u00e1, \u017ee ten kalend\u00e1\u0159n\u00ed bude sp\u011bt ke sv\u00e9mu konci. Nast\u00e1v\u00e1 podzim a v\u0161echny rohy budou zdobit d\u00fdn\u011b, okrasn\u00e9 nebo vydlaban\u00e9, v\u0161ude budou ho\u0159et sv\u00ed\u010dky na du\u0161i\u010dky, dve\u0159e ozdob\u00ed v\u011bnce z popadan\u00e9ho oran\u017eovo\u010derven\u00e9ho list\u00ed a bude se zase d\u0159\u00edve stm\u00edvat. N\u011bkomu je l\u00edto, \u017ee kon\u010d\u00ed obdob\u00ed tepla a budeme se zase probouzet do tmy, nicm\u00e9n\u011b milovn\u00edci dekorac\u00ed si p\u0159ijdou v t\u00e9to dob\u011b na sv\u00e9.  Bu\u010fte p\u0159ipraven\u00ed na podzim a n\u00e1sleduj\u00edc\u00ed v\u00e1no\u010dn\u00ed obdob\u00ed a opra\u0161te lo\u0148sk\u00e9 dekorace a pokud v\u00e1m ji\u017e nevyhovuj\u00ed, ud\u011blejte si ty nov\u00e9. M\u00e1te ale probl\u00e9m, \u017ee m\u00e1te nap\u0159\u00edklad na verand\u011b nebo na chodb\u011b tmu, a t\u00edm p\u00e1dem v\u00e1m tam nevydr\u017e\u00ed \u017eiv\u00e9 kv\u011btiny jako jsou t\u0159eba v\u0159esy? \u0158e\u0161en\u00edm pro v\u00e1s m\u016f\u017ee b\u00fdt mechov\u00e1 koule, kterou osad\u00edte do kv\u011btin\u00e1\u010de a m\u016f\u017eete na n\u00ed nalepovat v\u00e1no\u010dn\u00ed hv\u011bzdy nebo podzimn\u00ed l\u00edste\u010dky, prost\u011b dle dan\u00e9ho obdob\u00ed. Nepot\u0159ebuje sv\u011btlo, nemus\u00edte j\u00ed zal\u00e9vat, ani j\u00ed hnojit. Je to prost\u011b vd\u011b\u010dn\u00e1 dekorace, kter\u00e1 stoprocentn\u011b slou\u017e\u00ed sv\u00e9mu \u00fa\u010delu. Je biologicky odbourateln\u00e1, tak\u017ee se nejedn\u00e1 o \u017e\u00e1dn\u00fd plastov\u00fd v\u00fdrobek, kter\u00fdm byste zase zv\u011bt\u0161ovali lidsk\u00fd odpad, a m\u016f\u017eete j\u00ed dokonce pou\u017e\u00edt n\u011bkolik let.   Na podzimn\u00ed v\u011bnce si m\u016f\u017eete spoustu v\u011bc\u00ed tak\u00e9 nasb\u00edrat v p\u0159\u00edrod\u011b a pak to nakombinovat s koupen\u00fdmi v\u011bcmi. Z v\u00fdsledku budete nad\u0161en\u00ed, to se m\u016f\u017eete vsadit. Hlavn\u011b si takovou dekoraci ud\u011bl\u00e1te podle sv\u00e9ho, podle sv\u00e9 n\u00e1lady a prost\u0159edk\u016f, nebudete muset kupovat drah\u00e9 designov\u00e9 v\u011bnce. Do nich vypadaj\u00ed kr\u00e1sn\u011b k\u0159epel\u010d\u00ed vejce \u2013 cena je p\u0159\u00edv\u011btiv\u00e1, m\u016f\u017eete je pak vyu\u017e\u00edt p\u0159edev\u0161\u00edm na jarn\u00ed dekorace, trochu je pol\u00e1mat, aby vypadalo, \u017ee se z nich zrovna vyl\u00edhla mal\u00e1 ml\u00e1\u010f\u00e1tka. Inspirujte se na internetu a pus\u0165te se do tvo\u0159en\u00ed dom\u00e1c\u00edch dekorac\u00ed, t\u0159eba i s d\u011btmi, vypln\u00edte t\u00edm kr\u00e1sn\u011b voln\u00e9 podzimn\u00ed ve\u010dery, kdy u\u017e b\u00fdv\u00e1 tma na n\u011bjak\u00e9 hr\u00e1tky venku. M\u016f\u017ee se tak\u00e9 jednat o kr\u00e1sn\u00fd d\u00e1rek va\u0161im p\u0159\u00edbuzn\u00fdm nebo p\u0159\u00e1tel\u016fm, kter\u00fd jist\u011b ocen\u00ed jeho originalitu.                                                                                                                                                                                                                                                                                                                                                                                                   "},{"@context":"https:\/\/schema.org\/","@type":"BreadcrumbList","itemListElement":[{"@type":"ListItem","position":1,"name":"Podzimn\u00ed a v\u00e1no\u010dn\u00ed dekorace","item":"https:\/\/www.dudel.cz\/podzimni-a-vanocni-dekorace\/#breadcrumbitem"}]}]