[{"@context":"https:\/\/schema.org\/","@type":"Blog","@id":"https:\/\/www.dudel.cz#Blog","headline":"Dudel","description":"\nLid\u00e9 vesm\u011bs nem\u00edvaj\u00ed tolik pen\u011bz, kolik by jich cht\u011bli m\u00edt. A to proto, \u017ee jsou na\u0161e n\u00e1roky vysok\u00e9. A \u010d\u00edm m\u00e9n\u011b pen\u011bz m\u00e1me, t\u00edm v\u00edc toho mus\u00edme o\u017eelet.","url":"https:\/\/www.dudel.cz","hasPart":[{"@type":"Article","@id":"https:\/\/www.dudel.cz\/tipy-pro-start-v-podnikani\/","headline":"Tipy pro start v podnik\u00e1n\u00ed","url":"https:\/\/www.dudel.cz\/tipy-pro-start-v-podnikani\/","datePublished":"2025-03-01","dateModified":"2025-03-01","mainEntityOfPage":"https:\/\/www.dudel.cz\/tipy-pro-start-v-podnikani\/","author":{"@type":"Person","@id":"https:\/\/www.dudel.cz\/author\/#Person","name":"","url":"https:\/\/www.dudel.cz\/author\/","identifier":1,"image":{"@type":"ImageObject","@id":"https:\/\/secure.gravatar.com\/avatar\/774cfd57496a9f02284489749b4229073861faca9d8a66df7d65507a77c5d31f?s=96&d=mm&r=g","url":"https:\/\/secure.gravatar.com\/avatar\/774cfd57496a9f02284489749b4229073861faca9d8a66df7d65507a77c5d31f?s=96&d=mm&r=g","height":96,"width":96}},"publisher":{"@type":"Organization","name":"dudel.cz","logo":{"@type":"ImageObject","@id":"\/logo.png","url":"\/logo.png","width":600,"height":60}},"image":{"@type":"ImageObject","@id":"https:\/\/www.dudel.cz\/wp-content\/uploads\/img_a302628_w2061_t1512556788.jpg","url":"https:\/\/www.dudel.cz\/wp-content\/uploads\/img_a302628_w2061_t1512556788.jpg","height":0,"width":0},"wordCount":594,"keywords":null},{"@type":"Article","@id":"https:\/\/www.dudel.cz\/luxusni-kuchynske-linky\/","headline":"Luxusn\u00ed kuchy\u0148sk\u00e9 linky","url":"https:\/\/www.dudel.cz\/luxusni-kuchynske-linky\/","datePublished":"2025-02-27","dateModified":"2025-02-27","mainEntityOfPage":"https:\/\/www.dudel.cz\/luxusni-kuchynske-linky\/","author":{"@type":"Person","@id":"https:\/\/www.dudel.cz\/author\/#Person","name":"","url":"https:\/\/www.dudel.cz\/author\/","identifier":1,"image":{"@type":"ImageObject","@id":"https:\/\/secure.gravatar.com\/avatar\/774cfd57496a9f02284489749b4229073861faca9d8a66df7d65507a77c5d31f?s=96&d=mm&r=g","url":"https:\/\/secure.gravatar.com\/avatar\/774cfd57496a9f02284489749b4229073861faca9d8a66df7d65507a77c5d31f?s=96&d=mm&r=g","height":96,"width":96}},"publisher":{"@type":"Organization","name":"dudel.cz","logo":{"@type":"ImageObject","@id":"\/logo.png","url":"\/logo.png","width":600,"height":60}},"image":null,"wordCount":211,"keywords":null},{"@type":"Article","@id":"https:\/\/www.dudel.cz\/rekonstruujete-nebo-stavite-dum\/","headline":"Rekonstruujete nebo stav\u00edte d\u016fm?","url":"https:\/\/www.dudel.cz\/rekonstruujete-nebo-stavite-dum\/","datePublished":"2025-02-22","dateModified":"2025-02-22","mainEntityOfPage":"https:\/\/www.dudel.cz\/rekonstruujete-nebo-stavite-dum\/","author":{"@type":"Person","@id":"https:\/\/www.dudel.cz\/author\/#Person","name":"","url":"https:\/\/www.dudel.cz\/author\/","identifier":1,"image":{"@type":"ImageObject","@id":"https:\/\/secure.gravatar.com\/avatar\/774cfd57496a9f02284489749b4229073861faca9d8a66df7d65507a77c5d31f?s=96&d=mm&r=g","url":"https:\/\/secure.gravatar.com\/avatar\/774cfd57496a9f02284489749b4229073861faca9d8a66df7d65507a77c5d31f?s=96&d=mm&r=g","height":96,"width":96}},"publisher":{"@type":"Organization","name":"dudel.cz","logo":{"@type":"ImageObject","@id":"\/logo.png","url":"\/logo.png","width":600,"height":60}},"image":null,"wordCount":217,"keywords":null},{"@type":"Article","@id":"https:\/\/www.dudel.cz\/vymahani-pohledavek\/","headline":"Vym\u00e1h\u00e1n\u00ed pohled\u00e1vek","url":"https:\/\/www.dudel.cz\/vymahani-pohledavek\/","datePublished":"2025-02-15","dateModified":"2025-02-15","mainEntityOfPage":"https:\/\/www.dudel.cz\/vymahani-pohledavek\/","author":{"@type":"Person","@id":"https:\/\/www.dudel.cz\/author\/#Person","name":"","url":"https:\/\/www.dudel.cz\/author\/","identifier":1,"image":{"@type":"ImageObject","@id":"https:\/\/secure.gravatar.com\/avatar\/774cfd57496a9f02284489749b4229073861faca9d8a66df7d65507a77c5d31f?s=96&d=mm&r=g","url":"https:\/\/secure.gravatar.com\/avatar\/774cfd57496a9f02284489749b4229073861faca9d8a66df7d65507a77c5d31f?s=96&d=mm&r=g","height":96,"width":96}},"publisher":{"@type":"Organization","name":"dudel.cz","logo":{"@type":"ImageObject","@id":"\/logo.png","url":"\/logo.png","width":600,"height":60}},"image":null,"wordCount":266,"keywords":null},{"@type":"Article","@id":"https:\/\/www.dudel.cz\/dekoracni-latky-vhodne-i-pro-reprezentacni-prostory-vasi-firmy\/","headline":"Dekora\u010dn\u00ed l\u00e1tky vhodn\u00e9 i pro reprezenta\u010dn\u00ed prostory Va\u0161\u00ed firmy","url":"https:\/\/www.dudel.cz\/dekoracni-latky-vhodne-i-pro-reprezentacni-prostory-vasi-firmy\/","datePublished":"2025-02-07","dateModified":"2025-02-07","mainEntityOfPage":"https:\/\/www.dudel.cz\/dekoracni-latky-vhodne-i-pro-reprezentacni-prostory-vasi-firmy\/","author":{"@type":"Person","@id":"https:\/\/www.dudel.cz\/author\/#Person","name":"","url":"https:\/\/www.dudel.cz\/author\/","identifier":1,"image":{"@type":"ImageObject","@id":"https:\/\/secure.gravatar.com\/avatar\/774cfd57496a9f02284489749b4229073861faca9d8a66df7d65507a77c5d31f?s=96&d=mm&r=g","url":"https:\/\/secure.gravatar.com\/avatar\/774cfd57496a9f02284489749b4229073861faca9d8a66df7d65507a77c5d31f?s=96&d=mm&r=g","height":96,"width":96}},"publisher":{"@type":"Organization","name":"dudel.cz","logo":{"@type":"ImageObject","@id":"\/logo.png","url":"\/logo.png","width":600,"height":60}},"image":null,"wordCount":259,"keywords":null},{"@type":"Article","@id":"https:\/\/www.dudel.cz\/autoskla-praha-vam-vydrzi-krasna-roky\/","headline":"Autoskla Praha V\u00e1m vydr\u017e\u00ed kr\u00e1sn\u00e1 roky","url":"https:\/\/www.dudel.cz\/autoskla-praha-vam-vydrzi-krasna-roky\/","datePublished":"2025-01-31","dateModified":"2025-01-31","mainEntityOfPage":"https:\/\/www.dudel.cz\/autoskla-praha-vam-vydrzi-krasna-roky\/","author":{"@type":"Person","@id":"https:\/\/www.dudel.cz\/author\/#Person","name":"","url":"https:\/\/www.dudel.cz\/author\/","identifier":1,"image":{"@type":"ImageObject","@id":"https:\/\/secure.gravatar.com\/avatar\/774cfd57496a9f02284489749b4229073861faca9d8a66df7d65507a77c5d31f?s=96&d=mm&r=g","url":"https:\/\/secure.gravatar.com\/avatar\/774cfd57496a9f02284489749b4229073861faca9d8a66df7d65507a77c5d31f?s=96&d=mm&r=g","height":96,"width":96}},"publisher":{"@type":"Organization","name":"dudel.cz","logo":{"@type":"ImageObject","@id":"\/logo.png","url":"\/logo.png","width":600,"height":60}},"image":null,"wordCount":270,"keywords":null},{"@type":"Article","@id":"https:\/\/www.dudel.cz\/novy-nabytek\/","headline":"Nov\u00fd n\u00e1bytek","url":"https:\/\/www.dudel.cz\/novy-nabytek\/","datePublished":"2025-01-24","dateModified":"2025-01-24","mainEntityOfPage":"https:\/\/www.dudel.cz\/novy-nabytek\/","author":{"@type":"Person","@id":"https:\/\/www.dudel.cz\/author\/#Person","name":"","url":"https:\/\/www.dudel.cz\/author\/","identifier":1,"image":{"@type":"ImageObject","@id":"https:\/\/secure.gravatar.com\/avatar\/774cfd57496a9f02284489749b4229073861faca9d8a66df7d65507a77c5d31f?s=96&d=mm&r=g","url":"https:\/\/secure.gravatar.com\/avatar\/774cfd57496a9f02284489749b4229073861faca9d8a66df7d65507a77c5d31f?s=96&d=mm&r=g","height":96,"width":96}},"publisher":{"@type":"Organization","name":"dudel.cz","logo":{"@type":"ImageObject","@id":"\/logo.png","url":"\/logo.png","width":600,"height":60}},"image":{"@type":"ImageObject","@id":"https:\/\/www.dudel.cz\/wp-content\/uploads\/sk%C5%99%C3%ADn%C4%9B%20na%20m%C3%ADru_2.jpg","url":"https:\/\/www.dudel.cz\/wp-content\/uploads\/sk%C5%99%C3%ADn%C4%9B%20na%20m%C3%ADru_2.jpg","height":0,"width":0},"wordCount":671,"keywords":null},{"@type":"Article","@id":"https:\/\/www.dudel.cz\/vymahani-pohledavek\/","headline":"Vym\u00e1h\u00e1n\u00ed pohled\u00e1vek","url":"https:\/\/www.dudel.cz\/vymahani-pohledavek\/","datePublished":"2025-01-23","dateModified":"2025-01-23","mainEntityOfPage":"https:\/\/www.dudel.cz\/vymahani-pohledavek\/","author":{"@type":"Person","@id":"https:\/\/www.dudel.cz\/author\/#Person","name":"","url":"https:\/\/www.dudel.cz\/author\/","identifier":1,"image":{"@type":"ImageObject","@id":"https:\/\/secure.gravatar.com\/avatar\/774cfd57496a9f02284489749b4229073861faca9d8a66df7d65507a77c5d31f?s=96&d=mm&r=g","url":"https:\/\/secure.gravatar.com\/avatar\/774cfd57496a9f02284489749b4229073861faca9d8a66df7d65507a77c5d31f?s=96&d=mm&r=g","height":96,"width":96}},"publisher":{"@type":"Organization","name":"dudel.cz","logo":{"@type":"ImageObject","@id":"\/logo.png","url":"\/logo.png","width":600,"height":60}},"image":null,"wordCount":229,"keywords":null},{"@type":"Article","@id":"https:\/\/www.dudel.cz\/skvele-ucinky\/","headline":"Skv\u011bl\u00e9 \u00fa\u010dinky","url":"https:\/\/www.dudel.cz\/skvele-ucinky\/","datePublished":"2025-01-16","dateModified":"2025-01-16","mainEntityOfPage":"https:\/\/www.dudel.cz\/skvele-ucinky\/","author":{"@type":"Person","@id":"https:\/\/www.dudel.cz\/author\/#Person","name":"","url":"https:\/\/www.dudel.cz\/author\/","identifier":1,"image":{"@type":"ImageObject","@id":"https:\/\/secure.gravatar.com\/avatar\/774cfd57496a9f02284489749b4229073861faca9d8a66df7d65507a77c5d31f?s=96&d=mm&r=g","url":"https:\/\/secure.gravatar.com\/avatar\/774cfd57496a9f02284489749b4229073861faca9d8a66df7d65507a77c5d31f?s=96&d=mm&r=g","height":96,"width":96}},"publisher":{"@type":"Organization","name":"dudel.cz","logo":{"@type":"ImageObject","@id":"\/logo.png","url":"\/logo.png","width":600,"height":60}},"image":null,"wordCount":222,"keywords":null},{"@type":"Article","@id":"https:\/\/www.dudel.cz\/kdo-nema-rad-sex\/","headline":"Kdo nem\u00e1 r\u00e1d sex?","url":"https:\/\/www.dudel.cz\/kdo-nema-rad-sex\/","datePublished":"2025-01-14","dateModified":"2025-01-14","mainEntityOfPage":"https:\/\/www.dudel.cz\/kdo-nema-rad-sex\/","author":{"@type":"Person","@id":"https:\/\/www.dudel.cz\/author\/#Person","name":"","url":"https:\/\/www.dudel.cz\/author\/","identifier":1,"image":{"@type":"ImageObject","@id":"https:\/\/secure.gravatar.com\/avatar\/774cfd57496a9f02284489749b4229073861faca9d8a66df7d65507a77c5d31f?s=96&d=mm&r=g","url":"https:\/\/secure.gravatar.com\/avatar\/774cfd57496a9f02284489749b4229073861faca9d8a66df7d65507a77c5d31f?s=96&d=mm&r=g","height":96,"width":96}},"publisher":{"@type":"Organization","name":"dudel.cz","logo":{"@type":"ImageObject","@id":"\/logo.png","url":"\/logo.png","width":600,"height":60}},"image":{"@type":"ImageObject","@id":"https:\/\/www.dudel.cz\/wp-content\/uploads\/people-2589818_640(3)_1.jpg","url":"https:\/\/www.dudel.cz\/wp-content\/uploads\/people-2589818_640(3)_1.jpg","height":0,"width":0},"wordCount":626,"keywords":null}]},{"@context":"https:\/\/schema.org","@type":"WebSite","@id":"https:\/\/www.dudel.cz\/#website","name":"Dudel","url":"https:\/\/www.dudel.cz","potentialAction":{"@type":"SearchAction","target":"https:\/\/www.dudel.cz\/?s={search_term_string}","query-input":"required name=search_term_string"}}]