{"@context":"https:\/\/schema.org\/","@type":"CollectionPage","@id":"https:\/\/www.dudel.cz\/nakupy\/#CollectionPage","headline":"N\u00e1kupy Category","description":"","url":"https:\/\/www.dudel.cz\/nakupy\/","hasPart":[{"@type":"Article","@id":"https:\/\/www.dudel.cz\/velka-prikryvka-a-velky-polstar-vam-umozni-vetsi-relax\/","headline":"Velk\u00e1 p\u0159ikr\u00fdvka a velk\u00fd pol\u0161t\u00e1\u0159 v\u00e1m umo\u017en\u00ed v\u011bt\u0161\u00ed relax","url":"https:\/\/www.dudel.cz\/velka-prikryvka-a-velky-polstar-vam-umozni-vetsi-relax\/","datePublished":"2022-08-14","dateModified":"2023-06-15","mainEntityOfPage":"https:\/\/www.dudel.cz\/velka-prikryvka-a-velky-polstar-vam-umozni-vetsi-relax\/","author":{"@type":"Person","@id":"https:\/\/www.dudel.cz\/author\/#Person","name":"","url":"https:\/\/www.dudel.cz\/author\/","identifier":1,"image":{"@type":"ImageObject","@id":"https:\/\/secure.gravatar.com\/avatar\/774cfd57496a9f02284489749b4229073861faca9d8a66df7d65507a77c5d31f?s=96&d=mm&r=g","url":"https:\/\/secure.gravatar.com\/avatar\/774cfd57496a9f02284489749b4229073861faca9d8a66df7d65507a77c5d31f?s=96&d=mm&r=g","height":96,"width":96}},"publisher":{"@type":"Organization","name":"dudel.cz","logo":{"@type":"ImageObject","@id":"\/logo.png","url":"\/logo.png","width":600,"height":60}},"image":{"@type":"ImageObject","@id":"https:\/\/www.dudel.cz\/wp-content\/uploads\/bedroom-7132435_640_1.jpg","url":"https:\/\/www.dudel.cz\/wp-content\/uploads\/bedroom-7132435_640_1.jpg","height":0,"width":0},"keywords":null},{"@type":"Article","@id":"https:\/\/www.dudel.cz\/tazne-na-auto\/","headline":"Ta\u017en\u00e9 na auto","url":"https:\/\/www.dudel.cz\/tazne-na-auto\/","datePublished":"2022-08-14","dateModified":"2023-06-15","mainEntityOfPage":"https:\/\/www.dudel.cz\/tazne-na-auto\/","author":{"@type":"Person","@id":"https:\/\/www.dudel.cz\/author\/#Person","name":"","url":"https:\/\/www.dudel.cz\/author\/","identifier":1,"image":{"@type":"ImageObject","@id":"https:\/\/secure.gravatar.com\/avatar\/774cfd57496a9f02284489749b4229073861faca9d8a66df7d65507a77c5d31f?s=96&d=mm&r=g","url":"https:\/\/secure.gravatar.com\/avatar\/774cfd57496a9f02284489749b4229073861faca9d8a66df7d65507a77c5d31f?s=96&d=mm&r=g","height":96,"width":96}},"publisher":{"@type":"Organization","name":"dudel.cz","logo":{"@type":"ImageObject","@id":"\/logo.png","url":"\/logo.png","width":600,"height":60}},"image":{"@type":"ImageObject","@id":"https:\/\/www.dudel.cz\/wp-content\/uploads\/trailer-hitch-6811964_960_720_2.jpg","url":"https:\/\/www.dudel.cz\/wp-content\/uploads\/trailer-hitch-6811964_960_720_2.jpg","height":0,"width":0},"keywords":null},{"@type":"Article","@id":"https:\/\/www.dudel.cz\/bez-bot-daleko-nedojdeme\/","headline":"Bez bot daleko nedojdeme","url":"https:\/\/www.dudel.cz\/bez-bot-daleko-nedojdeme\/","datePublished":"2022-08-09","dateModified":"2023-06-15","mainEntityOfPage":"https:\/\/www.dudel.cz\/bez-bot-daleko-nedojdeme\/","author":{"@type":"Person","@id":"https:\/\/www.dudel.cz\/author\/#Person","name":"","url":"https:\/\/www.dudel.cz\/author\/","identifier":1,"image":{"@type":"ImageObject","@id":"https:\/\/secure.gravatar.com\/avatar\/774cfd57496a9f02284489749b4229073861faca9d8a66df7d65507a77c5d31f?s=96&d=mm&r=g","url":"https:\/\/secure.gravatar.com\/avatar\/774cfd57496a9f02284489749b4229073861faca9d8a66df7d65507a77c5d31f?s=96&d=mm&r=g","height":96,"width":96}},"publisher":{"@type":"Organization","name":"dudel.cz","logo":{"@type":"ImageObject","@id":"\/logo.png","url":"\/logo.png","width":600,"height":60}},"image":{"@type":"ImageObject","@id":"https:\/\/www.dudel.cz\/wp-content\/uploads\/kozene_boty_C4sSYI.jpg","url":"https:\/\/www.dudel.cz\/wp-content\/uploads\/kozene_boty_C4sSYI.jpg","height":0,"width":0},"keywords":null},{"@type":"Article","@id":"https:\/\/www.dudel.cz\/kurkuma-neni-jen-barevnym-korenim-umi-toho-mnohem-vice-jak-pomuze-se-zdravim\/","headline":"Kurkuma nen\u00ed jen barevn\u00fdm ko\u0159en\u00edm. Um\u00ed toho mnohem v\u00edce, jak pom\u016f\u017ee se zdrav\u00edm?","url":"https:\/\/www.dudel.cz\/kurkuma-neni-jen-barevnym-korenim-umi-toho-mnohem-vice-jak-pomuze-se-zdravim\/","datePublished":"2020-05-18","dateModified":"2020-05-18","mainEntityOfPage":"https:\/\/www.dudel.cz\/kurkuma-neni-jen-barevnym-korenim-umi-toho-mnohem-vice-jak-pomuze-se-zdravim\/","author":{"@type":"Person","@id":"https:\/\/www.dudel.cz\/author\/#Person","name":"","url":"https:\/\/www.dudel.cz\/author\/","identifier":1,"image":{"@type":"ImageObject","@id":"https:\/\/secure.gravatar.com\/avatar\/774cfd57496a9f02284489749b4229073861faca9d8a66df7d65507a77c5d31f?s=96&d=mm&r=g","url":"https:\/\/secure.gravatar.com\/avatar\/774cfd57496a9f02284489749b4229073861faca9d8a66df7d65507a77c5d31f?s=96&d=mm&r=g","height":96,"width":96}},"publisher":{"@type":"Organization","name":"dudel.cz","logo":{"@type":"ImageObject","@id":"\/logo.png","url":"\/logo.png","width":600,"height":60}},"image":{"@type":"ImageObject","@id":"https:\/\/www.dudel.cz\/wp-content\/uploads\/pexels-photo-1340116.jpeg","url":"https:\/\/www.dudel.cz\/wp-content\/uploads\/pexels-photo-1340116.jpeg","height":0,"width":0},"keywords":null}]}