{"@context":"https:\/\/schema.org\/","@type":"CollectionPage","@id":"https:\/\/www.dudel.cz\/nakupy\/#CollectionPage","headline":"N\u00e1kupy Category","description":"","url":"https:\/\/www.dudel.cz\/nakupy\/","hasPart":[{"@type":"Article","@id":"https:\/\/www.dudel.cz\/kvetina-ktera-vam-zustane\/","headline":"Kv\u011btina, kter\u00e1 V\u00e1m z\u016fstane","url":"https:\/\/www.dudel.cz\/kvetina-ktera-vam-zustane\/","datePublished":"2026-01-01","dateModified":"2026-01-01","mainEntityOfPage":"https:\/\/www.dudel.cz\/kvetina-ktera-vam-zustane\/","author":{"@type":"Person","@id":"https:\/\/www.dudel.cz\/author\/#Person","name":"","url":"https:\/\/www.dudel.cz\/author\/","identifier":1,"image":{"@type":"ImageObject","@id":"https:\/\/secure.gravatar.com\/avatar\/774cfd57496a9f02284489749b4229073861faca9d8a66df7d65507a77c5d31f?s=96&d=mm&r=g","url":"https:\/\/secure.gravatar.com\/avatar\/774cfd57496a9f02284489749b4229073861faca9d8a66df7d65507a77c5d31f?s=96&d=mm&r=g","height":96,"width":96}},"publisher":{"@type":"Organization","name":"dudel.cz","logo":{"@type":"ImageObject","@id":"\/logo.png","url":"\/logo.png","width":600,"height":60}},"image":{"@type":"ImageObject","@id":"https:\/\/www.dudel.cz\/wp-content\/uploads\/virandek-bouquet-168831_640.jpg","url":"https:\/\/www.dudel.cz\/wp-content\/uploads\/virandek-bouquet-168831_640.jpg","height":0,"width":0},"keywords":null},{"@type":"Article","@id":"https:\/\/www.dudel.cz\/tisnova-tlacitka-se-mohou-hodit-i-do-restauraci\/","headline":"T\u00eds\u0148ov\u00e1 tla\u010d\u00edtka se mohou hodit i do restaurac\u00ed","url":"https:\/\/www.dudel.cz\/tisnova-tlacitka-se-mohou-hodit-i-do-restauraci\/","datePublished":"2025-11-05","dateModified":"2025-11-05","mainEntityOfPage":"https:\/\/www.dudel.cz\/tisnova-tlacitka-se-mohou-hodit-i-do-restauraci\/","author":{"@type":"Person","@id":"https:\/\/www.dudel.cz\/author\/#Person","name":"","url":"https:\/\/www.dudel.cz\/author\/","identifier":1,"image":{"@type":"ImageObject","@id":"https:\/\/secure.gravatar.com\/avatar\/774cfd57496a9f02284489749b4229073861faca9d8a66df7d65507a77c5d31f?s=96&d=mm&r=g","url":"https:\/\/secure.gravatar.com\/avatar\/774cfd57496a9f02284489749b4229073861faca9d8a66df7d65507a77c5d31f?s=96&d=mm&r=g","height":96,"width":96}},"publisher":{"@type":"Organization","name":"dudel.cz","logo":{"@type":"ImageObject","@id":"\/logo.png","url":"\/logo.png","width":600,"height":60}},"image":{"@type":"ImageObject","@id":"https:\/\/www.dudel.cz\/wp-content\/uploads\/waitress-2376728_640_3.jpg","url":"https:\/\/www.dudel.cz\/wp-content\/uploads\/waitress-2376728_640_3.jpg","height":0,"width":0},"keywords":null},{"@type":"Article","@id":"https:\/\/www.dudel.cz\/skrine-a-jejich-vyuziti\/","headline":"Sk\u0159\u00edn\u011b a jejich vyu\u017eit\u00ed","url":"https:\/\/www.dudel.cz\/skrine-a-jejich-vyuziti\/","datePublished":"2025-10-06","dateModified":"2025-10-06","mainEntityOfPage":"https:\/\/www.dudel.cz\/skrine-a-jejich-vyuziti\/","author":{"@type":"Person","@id":"https:\/\/www.dudel.cz\/author\/#Person","name":"","url":"https:\/\/www.dudel.cz\/author\/","identifier":1,"image":{"@type":"ImageObject","@id":"https:\/\/secure.gravatar.com\/avatar\/774cfd57496a9f02284489749b4229073861faca9d8a66df7d65507a77c5d31f?s=96&d=mm&r=g","url":"https:\/\/secure.gravatar.com\/avatar\/774cfd57496a9f02284489749b4229073861faca9d8a66df7d65507a77c5d31f?s=96&d=mm&r=g","height":96,"width":96}},"publisher":{"@type":"Organization","name":"dudel.cz","logo":{"@type":"ImageObject","@id":"\/logo.png","url":"\/logo.png","width":600,"height":60}},"image":{"@type":"ImageObject","@id":"https:\/\/www.dudel.cz\/wp-content\/uploads\/sofa-8295571_640.jpg","url":"https:\/\/www.dudel.cz\/wp-content\/uploads\/sofa-8295571_640.jpg","height":0,"width":0},"keywords":null},{"@type":"Article","@id":"https:\/\/www.dudel.cz\/prestavba-domu\/","headline":"P\u0159estavba domu","url":"https:\/\/www.dudel.cz\/prestavba-domu\/","datePublished":"2025-07-07","dateModified":"2025-07-07","mainEntityOfPage":"https:\/\/www.dudel.cz\/prestavba-domu\/","author":{"@type":"Person","@id":"https:\/\/www.dudel.cz\/author\/#Person","name":"","url":"https:\/\/www.dudel.cz\/author\/","identifier":1,"image":{"@type":"ImageObject","@id":"https:\/\/secure.gravatar.com\/avatar\/774cfd57496a9f02284489749b4229073861faca9d8a66df7d65507a77c5d31f?s=96&d=mm&r=g","url":"https:\/\/secure.gravatar.com\/avatar\/774cfd57496a9f02284489749b4229073861faca9d8a66df7d65507a77c5d31f?s=96&d=mm&r=g","height":96,"width":96}},"publisher":{"@type":"Organization","name":"dudel.cz","logo":{"@type":"ImageObject","@id":"\/logo.png","url":"\/logo.png","width":600,"height":60}},"image":{"@type":"ImageObject","@id":"https:\/\/www.dudel.cz\/wp-content\/uploads\/kitchen-3689918_640_1.jpg","url":"https:\/\/www.dudel.cz\/wp-content\/uploads\/kitchen-3689918_640_1.jpg","height":0,"width":0},"keywords":null},{"@type":"Article","@id":"https:\/\/www.dudel.cz\/vic-nez-jen-vetrani\/","headline":"V\u00edc ne\u017e jen v\u011btr\u00e1n\u00ed","url":"https:\/\/www.dudel.cz\/vic-nez-jen-vetrani\/","datePublished":"2025-06-05","dateModified":"2025-06-05","mainEntityOfPage":"https:\/\/www.dudel.cz\/vic-nez-jen-vetrani\/","author":{"@type":"Person","@id":"https:\/\/www.dudel.cz\/author\/#Person","name":"","url":"https:\/\/www.dudel.cz\/author\/","identifier":1,"image":{"@type":"ImageObject","@id":"https:\/\/secure.gravatar.com\/avatar\/774cfd57496a9f02284489749b4229073861faca9d8a66df7d65507a77c5d31f?s=96&d=mm&r=g","url":"https:\/\/secure.gravatar.com\/avatar\/774cfd57496a9f02284489749b4229073861faca9d8a66df7d65507a77c5d31f?s=96&d=mm&r=g","height":96,"width":96}},"publisher":{"@type":"Organization","name":"dudel.cz","logo":{"@type":"ImageObject","@id":"\/logo.png","url":"\/logo.png","width":600,"height":60}},"image":{"@type":"ImageObject","@id":"https:\/\/www.dudel.cz\/wp-content\/uploads\/sklepn%C3%AD%20okno.jpg","url":"https:\/\/www.dudel.cz\/wp-content\/uploads\/sklepn%C3%AD%20okno.jpg","height":0,"width":0},"keywords":null},{"@type":"Article","@id":"https:\/\/www.dudel.cz\/stul-v-domacnosti\/","headline":"St\u016fl v dom\u00e1cnosti","url":"https:\/\/www.dudel.cz\/stul-v-domacnosti\/","datePublished":"2025-06-01","dateModified":"2025-06-01","mainEntityOfPage":"https:\/\/www.dudel.cz\/stul-v-domacnosti\/","author":{"@type":"Person","@id":"https:\/\/www.dudel.cz\/author\/#Person","name":"","url":"https:\/\/www.dudel.cz\/author\/","identifier":1,"image":{"@type":"ImageObject","@id":"https:\/\/secure.gravatar.com\/avatar\/774cfd57496a9f02284489749b4229073861faca9d8a66df7d65507a77c5d31f?s=96&d=mm&r=g","url":"https:\/\/secure.gravatar.com\/avatar\/774cfd57496a9f02284489749b4229073861faca9d8a66df7d65507a77c5d31f?s=96&d=mm&r=g","height":96,"width":96}},"publisher":{"@type":"Organization","name":"dudel.cz","logo":{"@type":"ImageObject","@id":"\/logo.png","url":"\/logo.png","width":600,"height":60}},"image":{"@type":"ImageObject","@id":"https:\/\/www.dudel.cz\/wp-content\/uploads\/dining-room-3108037_640_10_8.jpg","url":"https:\/\/www.dudel.cz\/wp-content\/uploads\/dining-room-3108037_640_10_8.jpg","height":0,"width":0},"keywords":null},{"@type":"Article","@id":"https:\/\/www.dudel.cz\/novy-nabytek\/","headline":"Nov\u00fd n\u00e1bytek","url":"https:\/\/www.dudel.cz\/novy-nabytek\/","datePublished":"2025-01-24","dateModified":"2025-01-24","mainEntityOfPage":"https:\/\/www.dudel.cz\/novy-nabytek\/","author":{"@type":"Person","@id":"https:\/\/www.dudel.cz\/author\/#Person","name":"","url":"https:\/\/www.dudel.cz\/author\/","identifier":1,"image":{"@type":"ImageObject","@id":"https:\/\/secure.gravatar.com\/avatar\/774cfd57496a9f02284489749b4229073861faca9d8a66df7d65507a77c5d31f?s=96&d=mm&r=g","url":"https:\/\/secure.gravatar.com\/avatar\/774cfd57496a9f02284489749b4229073861faca9d8a66df7d65507a77c5d31f?s=96&d=mm&r=g","height":96,"width":96}},"publisher":{"@type":"Organization","name":"dudel.cz","logo":{"@type":"ImageObject","@id":"\/logo.png","url":"\/logo.png","width":600,"height":60}},"image":{"@type":"ImageObject","@id":"https:\/\/www.dudel.cz\/wp-content\/uploads\/sk%C5%99%C3%ADn%C4%9B%20na%20m%C3%ADru_2.jpg","url":"https:\/\/www.dudel.cz\/wp-content\/uploads\/sk%C5%99%C3%ADn%C4%9B%20na%20m%C3%ADru_2.jpg","height":0,"width":0},"keywords":null},{"@type":"Article","@id":"https:\/\/www.dudel.cz\/s-nerezovym-zabradlim-ziskate-spolehliveho-partnera\/","headline":"S nerezov\u00fdm z\u00e1bradl\u00edm z\u00edsk\u00e1te spolehliv\u00e9ho partnera","url":"https:\/\/www.dudel.cz\/s-nerezovym-zabradlim-ziskate-spolehliveho-partnera\/","datePublished":"2024-12-22","dateModified":"2024-12-22","mainEntityOfPage":"https:\/\/www.dudel.cz\/s-nerezovym-zabradlim-ziskate-spolehliveho-partnera\/","author":{"@type":"Person","@id":"https:\/\/www.dudel.cz\/author\/#Person","name":"","url":"https:\/\/www.dudel.cz\/author\/","identifier":1,"image":{"@type":"ImageObject","@id":"https:\/\/secure.gravatar.com\/avatar\/774cfd57496a9f02284489749b4229073861faca9d8a66df7d65507a77c5d31f?s=96&d=mm&r=g","url":"https:\/\/secure.gravatar.com\/avatar\/774cfd57496a9f02284489749b4229073861faca9d8a66df7d65507a77c5d31f?s=96&d=mm&r=g","height":96,"width":96}},"publisher":{"@type":"Organization","name":"dudel.cz","logo":{"@type":"ImageObject","@id":"\/logo.png","url":"\/logo.png","width":600,"height":60}},"image":{"@type":"ImageObject","@id":"https:\/\/www.dudel.cz\/wp-content\/uploads\/stairs-453801_640_10_10_5.jpg","url":"https:\/\/www.dudel.cz\/wp-content\/uploads\/stairs-453801_640_10_10_5.jpg","height":0,"width":0},"keywords":null},{"@type":"Article","@id":"https:\/\/www.dudel.cz\/proc-je-jen-za-projekt-vodovodni-pripojky-cena-tak-vysoka\/","headline":"Pro\u010d je jen za projekt vodovodn\u00ed p\u0159\u00edpojky cena tak vysok\u00e1?","url":"https:\/\/www.dudel.cz\/proc-je-jen-za-projekt-vodovodni-pripojky-cena-tak-vysoka\/","datePublished":"2023-01-10","dateModified":"2023-06-15","mainEntityOfPage":"https:\/\/www.dudel.cz\/proc-je-jen-za-projekt-vodovodni-pripojky-cena-tak-vysoka\/","author":{"@type":"Person","@id":"https:\/\/www.dudel.cz\/author\/#Person","name":"","url":"https:\/\/www.dudel.cz\/author\/","identifier":1,"image":{"@type":"ImageObject","@id":"https:\/\/secure.gravatar.com\/avatar\/774cfd57496a9f02284489749b4229073861faca9d8a66df7d65507a77c5d31f?s=96&d=mm&r=g","url":"https:\/\/secure.gravatar.com\/avatar\/774cfd57496a9f02284489749b4229073861faca9d8a66df7d65507a77c5d31f?s=96&d=mm&r=g","height":96,"width":96}},"publisher":{"@type":"Organization","name":"dudel.cz","logo":{"@type":"ImageObject","@id":"\/logo.png","url":"\/logo.png","width":600,"height":60}},"image":{"@type":"ImageObject","@id":"https:\/\/www.dudel.cz\/wp-content\/uploads\/voda3_1.jpg","url":"https:\/\/www.dudel.cz\/wp-content\/uploads\/voda3_1.jpg","height":0,"width":0},"keywords":null},{"@type":"Article","@id":"https:\/\/www.dudel.cz\/menstruacni-kalhotky-novinka-v-menstruacnich-pomuckach\/","headline":"Menstrua\u010dn\u00ed kalhotky &#8211; novinka v menstrua\u010dn\u00edch pom\u016fck\u00e1ch","url":"https:\/\/www.dudel.cz\/menstruacni-kalhotky-novinka-v-menstruacnich-pomuckach\/","datePublished":"2023-01-09","dateModified":"2023-06-15","mainEntityOfPage":"https:\/\/www.dudel.cz\/menstruacni-kalhotky-novinka-v-menstruacnich-pomuckach\/","author":{"@type":"Person","@id":"https:\/\/www.dudel.cz\/author\/#Person","name":"","url":"https:\/\/www.dudel.cz\/author\/","identifier":1,"image":{"@type":"ImageObject","@id":"https:\/\/secure.gravatar.com\/avatar\/774cfd57496a9f02284489749b4229073861faca9d8a66df7d65507a77c5d31f?s=96&d=mm&r=g","url":"https:\/\/secure.gravatar.com\/avatar\/774cfd57496a9f02284489749b4229073861faca9d8a66df7d65507a77c5d31f?s=96&d=mm&r=g","height":96,"width":96}},"publisher":{"@type":"Organization","name":"dudel.cz","logo":{"@type":"ImageObject","@id":"\/logo.png","url":"\/logo.png","width":600,"height":60}},"image":{"@type":"ImageObject","@id":"https:\/\/www.dudel.cz\/wp-content\/uploads\/cup-gac1bbfd0e_640_6.jpg","url":"https:\/\/www.dudel.cz\/wp-content\/uploads\/cup-gac1bbfd0e_640_6.jpg","height":0,"width":0},"keywords":null}]}